{"id":344,"date":"2015-10-29T03:48:11","date_gmt":"2015-10-29T03:48:11","guid":{"rendered":"http:\/\/marcosvaldes.com\/weddings\/?p=344"},"modified":"2018-01-28T03:13:57","modified_gmt":"2018-01-28T03:13:57","slug":"dianapolo-boda-en-queretaro","status":"publish","type":"post","link":"https:\/\/marcosvaldes.com\/weddings\/dianapolo-boda-en-queretaro\/","title":{"rendered":"[DIANA&#038;POLO] <br \/>Boda en Quer\u00e9taro"},"content":{"rendered":"<p>Diana y Polo son una pareja a la que tengo bastantes a\u00f1os de conocerlos, una gran amistad nos une y una mayor pasi\u00f3n nos hermana, pues Polo es uno de mis proveedores de servicios de impresi\u00f3n, es por ello que, cuando me pidi\u00f3 hacer algunas fotos de su boda, me sent\u00ed honrado y comprometido por haber sido elegido para tal encomienda. El lugar de su elecci\u00f3n result\u00f3 absolutamente genial as\u00ed como su amor, la galer\u00eda Almendra roja en el Centro Hist\u00f3rico de Quer\u00e9taro, un lugar en donde la luz canta y los momentos se hacen magia.<br \/>\n\u2022<br \/>\n<em>Diana and Polo are a couple that I have enough years to meet them, a great friendship unites us and a greater passion make us brothers, because Polo is one of my printing services suppliers, that is why, when he asked me to create some photos of his wedding, I felt honored and committed to being chosen for such a commission. The place of their choice was absolutely brilliant as well as his love, the &#8220;Red Almond&#8221; gallery in the Queretaro&#8217;s Historic Down Town, a place where light signs and moments are magic.<\/em><\/p>\n<p>&nbsp;<br \/>\n&nbsp;<br \/>\n<img data-recalc-dims=\"1\" decoding=\"async\" src=\"https:\/\/i0.wp.com\/marcosvaldes.com\/weddings\/wp-content\/uploads\/2015\/10\/marcos_valdes_fotografo_de_bodas_queretaro_diana_polo_001.jpg?w=1220\" alt=\"fot\u00f3grafo de bodas Quer\u00e9taro marcosvald\u00e9s|FOTO\u00d3GRAFO\u00ae\"   \/><br \/>\n<img data-recalc-dims=\"1\" decoding=\"async\" src=\"https:\/\/i0.wp.com\/marcosvaldes.com\/weddings\/wp-content\/uploads\/2015\/10\/marcos_valdes_fotografo_de_bodas_queretaro_diana_polo_002.jpg?w=1220\" alt=\"fot\u00f3grafo de bodas Quer\u00e9taro marcosvald\u00e9s|FOTO\u00d3GRAFO\u00ae\"   \/><br \/>\n<img data-recalc-dims=\"1\" decoding=\"async\" src=\"https:\/\/i0.wp.com\/marcosvaldes.com\/weddings\/wp-content\/uploads\/2015\/10\/marcos_valdes_fotografo_de_bodas_queretaro_diana_polo_003.jpg?w=1220\" alt=\"fot\u00f3grafo de bodas Quer\u00e9taro marcosvald\u00e9s|FOTO\u00d3GRAFO\u00ae\"   \/><br \/>\n<img data-recalc-dims=\"1\" decoding=\"async\" src=\"https:\/\/i0.wp.com\/marcosvaldes.com\/weddings\/wp-content\/uploads\/2015\/10\/marcos_valdes_fotografo_de_bodas_queretaro_diana_polo_004.jpg?w=1220\" alt=\"fot\u00f3grafo de bodas Quer\u00e9taro marcosvald\u00e9s|FOTO\u00d3GRAFO\u00ae\"   \/><br \/>\n<img data-recalc-dims=\"1\" decoding=\"async\" src=\"https:\/\/i0.wp.com\/marcosvaldes.com\/weddings\/wp-content\/uploads\/2015\/10\/marcos_valdes_fotografo_de_bodas_queretaro_diana_polo_005.jpg?w=1220\" alt=\"fot\u00f3grafo de bodas Quer\u00e9taro marcosvald\u00e9s|FOTO\u00d3GRAFO\u00ae\"   \/><br \/>\n<img data-recalc-dims=\"1\" decoding=\"async\" src=\"https:\/\/i0.wp.com\/marcosvaldes.com\/weddings\/wp-content\/uploads\/2015\/10\/marcos_valdes_fotografo_de_bodas_queretaro_diana_polo_006.jpg?w=1220\" alt=\"fot\u00f3grafo de bodas Quer\u00e9taro marcosvald\u00e9s|FOTO\u00d3GRAFO\u00ae\"   \/><br \/>\n<img data-recalc-dims=\"1\" decoding=\"async\" src=\"https:\/\/i0.wp.com\/marcosvaldes.com\/weddings\/wp-content\/uploads\/2015\/10\/marcos_valdes_fotografo_de_bodas_queretaro_diana_polo_007.jpg?w=1220\" alt=\"fot\u00f3grafo de bodas Quer\u00e9taro marcosvald\u00e9s|FOTO\u00d3GRAFO\u00ae\"   \/><br \/>\n<img data-recalc-dims=\"1\" decoding=\"async\" src=\"https:\/\/i0.wp.com\/marcosvaldes.com\/weddings\/wp-content\/uploads\/2015\/10\/marcos_valdes_fotografo_de_bodas_queretaro_diana_polo_008.jpg?w=1220\" alt=\"fot\u00f3grafo de bodas Quer\u00e9taro marcosvald\u00e9s|FOTO\u00d3GRAFO\u00ae\"   \/><br \/>\n<img data-recalc-dims=\"1\" decoding=\"async\" src=\"https:\/\/i0.wp.com\/marcosvaldes.com\/weddings\/wp-content\/uploads\/2015\/10\/marcos_valdes_fotografo_de_bodas_queretaro_diana_polo_009.jpg?w=1220\" alt=\"fot\u00f3grafo de bodas Quer\u00e9taro marcosvald\u00e9s|FOTO\u00d3GRAFO\u00ae\"   \/><br \/>\n<img data-recalc-dims=\"1\" decoding=\"async\" src=\"https:\/\/i0.wp.com\/marcosvaldes.com\/weddings\/wp-content\/uploads\/2015\/10\/marcos_valdes_fotografo_de_bodas_queretaro_diana_polo_010.jpg?w=1220\" alt=\"fot\u00f3grafo de bodas Quer\u00e9taro marcosvald\u00e9s|FOTO\u00d3GRAFO\u00ae\"   \/><br \/>\n<img data-recalc-dims=\"1\" decoding=\"async\" src=\"https:\/\/i0.wp.com\/marcosvaldes.com\/weddings\/wp-content\/uploads\/2015\/10\/marcos_valdes_fotografo_de_bodas_queretaro_diana_polo_011.jpg?w=1220\" alt=\"fot\u00f3grafo de bodas Quer\u00e9taro marcosvald\u00e9s|FOTO\u00d3GRAFO\u00ae\"   \/><br \/>\n<img data-recalc-dims=\"1\" decoding=\"async\" src=\"https:\/\/i0.wp.com\/marcosvaldes.com\/weddings\/wp-content\/uploads\/2015\/10\/marcos_valdes_fotografo_de_bodas_queretaro_diana_polo_012.jpg?w=1220\" alt=\"fot\u00f3grafo de bodas Quer\u00e9taro marcosvald\u00e9s|FOTO\u00d3GRAFO\u00ae\"   \/><br \/>\n<img data-recalc-dims=\"1\" decoding=\"async\" src=\"https:\/\/i0.wp.com\/marcosvaldes.com\/weddings\/wp-content\/uploads\/2015\/10\/marcos_valdes_fotografo_de_bodas_queretaro_diana_polo_013.jpg?w=1220\" alt=\"fot\u00f3grafo de bodas Quer\u00e9taro marcosvald\u00e9s|FOTO\u00d3GRAFO\u00ae\"   \/><br \/>\n<img data-recalc-dims=\"1\" decoding=\"async\" src=\"https:\/\/i0.wp.com\/marcosvaldes.com\/weddings\/wp-content\/uploads\/2015\/10\/marcos_valdes_fotografo_de_bodas_queretaro_diana_polo_014.jpg?w=1220\" alt=\"fot\u00f3grafo de bodas Quer\u00e9taro marcosvald\u00e9s|FOTO\u00d3GRAFO\u00ae\"   \/><br \/>\n<img data-recalc-dims=\"1\" decoding=\"async\" src=\"https:\/\/i0.wp.com\/marcosvaldes.com\/weddings\/wp-content\/uploads\/2015\/10\/marcos_valdes_fotografo_de_bodas_queretaro_diana_polo_015.jpg?w=1220\" alt=\"fot\u00f3grafo de bodas Quer\u00e9taro marcosvald\u00e9s|FOTO\u00d3GRAFO\u00ae\"   \/><br \/>\n<img data-recalc-dims=\"1\" decoding=\"async\" src=\"https:\/\/i0.wp.com\/marcosvaldes.com\/weddings\/wp-content\/uploads\/2015\/10\/marcos_valdes_fotografo_de_bodas_queretaro_diana_polo_016.jpg?w=1220\" alt=\"fot\u00f3grafo de bodas Quer\u00e9taro marcosvald\u00e9s|FOTO\u00d3GRAFO\u00ae\"   \/><br \/>\n<img data-recalc-dims=\"1\" decoding=\"async\" src=\"https:\/\/i0.wp.com\/marcosvaldes.com\/weddings\/wp-content\/uploads\/2015\/10\/marcos_valdes_fotografo_de_bodas_queretaro_diana_polo_017.jpg?w=1220\" alt=\"fot\u00f3grafo de bodas Quer\u00e9taro marcosvald\u00e9s|FOTO\u00d3GRAFO\u00ae\"   \/><br \/>\n<img data-recalc-dims=\"1\" decoding=\"async\" src=\"https:\/\/i0.wp.com\/marcosvaldes.com\/weddings\/wp-content\/uploads\/2015\/10\/marcos_valdes_fotografo_de_bodas_queretaro_diana_polo_018.jpg?w=1220\" alt=\"fot\u00f3grafo de bodas Quer\u00e9taro marcosvald\u00e9s|FOTO\u00d3GRAFO\u00ae\"   \/><br \/>\n<img data-recalc-dims=\"1\" decoding=\"async\" src=\"https:\/\/i0.wp.com\/marcosvaldes.com\/weddings\/wp-content\/uploads\/2015\/10\/marcos_valdes_fotografo_de_bodas_queretaro_diana_polo_019.jpg?w=1220\" alt=\"fot\u00f3grafo de bodas Quer\u00e9taro marcosvald\u00e9s|FOTO\u00d3GRAFO\u00ae\"   \/><br \/>\n<img data-recalc-dims=\"1\" decoding=\"async\" src=\"https:\/\/i0.wp.com\/marcosvaldes.com\/weddings\/wp-content\/uploads\/2015\/10\/marcos_valdes_fotografo_de_bodas_queretaro_diana_polo_020.jpg?w=1220\" alt=\"fot\u00f3grafo de bodas Quer\u00e9taro marcosvald\u00e9s|FOTO\u00d3GRAFO\u00ae\"   \/><br \/>\n<img data-recalc-dims=\"1\" decoding=\"async\" src=\"https:\/\/i0.wp.com\/marcosvaldes.com\/weddings\/wp-content\/uploads\/2015\/10\/marcos_valdes_fotografo_de_bodas_queretaro_diana_polo_021.jpg?w=1220\" alt=\"fot\u00f3grafo de bodas Quer\u00e9taro marcosvald\u00e9s|FOTO\u00d3GRAFO\u00ae\"   \/><br \/>\n<img data-recalc-dims=\"1\" decoding=\"async\" src=\"https:\/\/i0.wp.com\/marcosvaldes.com\/weddings\/wp-content\/uploads\/2015\/10\/marcos_valdes_fotografo_de_bodas_queretaro_diana_polo_022.jpg?w=1220\" alt=\"fot\u00f3grafo de bodas Quer\u00e9taro marcosvald\u00e9s|FOTO\u00d3GRAFO\u00ae\"   \/><br \/>\n<img data-recalc-dims=\"1\" decoding=\"async\" src=\"https:\/\/i0.wp.com\/marcosvaldes.com\/weddings\/wp-content\/uploads\/2015\/10\/marcos_valdes_fotografo_de_bodas_queretaro_diana_polo_023.jpg?w=1220\" alt=\"fot\u00f3grafo de bodas Quer\u00e9taro marcosvald\u00e9s|FOTO\u00d3GRAFO\u00ae\"   \/><br \/>\n<img data-recalc-dims=\"1\" decoding=\"async\" src=\"https:\/\/i0.wp.com\/marcosvaldes.com\/weddings\/wp-content\/uploads\/2015\/10\/marcos_valdes_fotografo_de_bodas_queretaro_diana_polo_024.jpg?w=1220\" alt=\"fot\u00f3grafo de bodas Quer\u00e9taro marcosvald\u00e9s|FOTO\u00d3GRAFO\u00ae\"   \/><br \/>\n<img data-recalc-dims=\"1\" decoding=\"async\" src=\"https:\/\/i0.wp.com\/marcosvaldes.com\/weddings\/wp-content\/uploads\/2015\/10\/marcos_valdes_fotografo_de_bodas_queretaro_diana_polo_025.jpg?w=1220\" alt=\"fot\u00f3grafo de bodas Quer\u00e9taro marcosvald\u00e9s|FOTO\u00d3GRAFO\u00ae\"   \/><br \/>\n<img data-recalc-dims=\"1\" decoding=\"async\" src=\"https:\/\/i0.wp.com\/marcosvaldes.com\/weddings\/wp-content\/uploads\/2015\/10\/marcos_valdes_fotografo_de_bodas_queretaro_diana_polo_026.jpg?w=1220\" alt=\"fot\u00f3grafo de bodas Quer\u00e9taro marcosvald\u00e9s|FOTO\u00d3GRAFO\u00ae\"   \/><br \/>\n<img data-recalc-dims=\"1\" decoding=\"async\" src=\"https:\/\/i0.wp.com\/marcosvaldes.com\/weddings\/wp-content\/uploads\/2015\/10\/marcos_valdes_fotografo_de_bodas_queretaro_diana_polo_027.jpg?w=1220\" alt=\"fot\u00f3grafo de bodas Quer\u00e9taro marcosvald\u00e9s|FOTO\u00d3GRAFO\u00ae\"   \/><br \/>\n<img data-recalc-dims=\"1\" decoding=\"async\" src=\"https:\/\/i0.wp.com\/marcosvaldes.com\/weddings\/wp-content\/uploads\/2015\/10\/marcos_valdes_fotografo_de_bodas_queretaro_diana_polo_028.jpg?w=1220\" alt=\"fot\u00f3grafo de bodas Quer\u00e9taro marcosvald\u00e9s|FOTO\u00d3GRAFO\u00ae\"   \/><br \/>\n<img data-recalc-dims=\"1\" decoding=\"async\" src=\"https:\/\/i0.wp.com\/marcosvaldes.com\/weddings\/wp-content\/uploads\/2015\/10\/marcos_valdes_fotografo_de_bodas_queretaro_diana_polo_029.jpg?w=1220\" alt=\"fot\u00f3grafo de bodas Quer\u00e9taro marcosvald\u00e9s|FOTO\u00d3GRAFO\u00ae\"   \/><br \/>\n<img data-recalc-dims=\"1\" decoding=\"async\" src=\"https:\/\/i0.wp.com\/marcosvaldes.com\/weddings\/wp-content\/uploads\/2015\/10\/marcos_valdes_fotografo_de_bodas_queretaro_diana_polo_030.jpg?w=1220\" alt=\"fot\u00f3grafo de bodas Quer\u00e9taro marcosvald\u00e9s|FOTO\u00d3GRAFO\u00ae\"   \/><br \/>\n<img data-recalc-dims=\"1\" decoding=\"async\" src=\"https:\/\/i0.wp.com\/marcosvaldes.com\/weddings\/wp-content\/uploads\/2015\/10\/marcos_valdes_fotografo_de_bodas_queretaro_diana_polo_031.jpg?w=1220\" alt=\"fot\u00f3grafo de bodas Quer\u00e9taro marcosvald\u00e9s|FOTO\u00d3GRAFO\u00ae\"   \/><br \/>\n<img data-recalc-dims=\"1\" decoding=\"async\" src=\"https:\/\/i0.wp.com\/marcosvaldes.com\/weddings\/wp-content\/uploads\/2015\/10\/marcos_valdes_fotografo_de_bodas_queretaro_diana_polo_032.jpg?w=1220\" alt=\"fot\u00f3grafo de bodas Quer\u00e9taro marcosvald\u00e9s|FOTO\u00d3GRAFO\u00ae\"   \/><br \/>\n<img data-recalc-dims=\"1\" decoding=\"async\" src=\"https:\/\/i0.wp.com\/marcosvaldes.com\/weddings\/wp-content\/uploads\/2015\/10\/marcos_valdes_fotografo_de_bodas_queretaro_diana_polo_033.jpg?w=1220\" alt=\"fot\u00f3grafo de bodas Quer\u00e9taro marcosvald\u00e9s|FOTO\u00d3GRAFO\u00ae\"   \/><br \/>\n<img data-recalc-dims=\"1\" decoding=\"async\" src=\"https:\/\/i0.wp.com\/marcosvaldes.com\/weddings\/wp-content\/uploads\/2015\/10\/marcos_valdes_fotografo_de_bodas_queretaro_diana_polo_034.jpg?w=1220\" alt=\"fot\u00f3grafo de bodas Quer\u00e9taro marcosvald\u00e9s|FOTO\u00d3GRAFO\u00ae\"   \/><\/p>\n","protected":false},"excerpt":{"rendered":"<p><span class=\"excerpt-hellip\"> [\u2026]<\/span><\/p>\n","protected":false},"author":1,"featured_media":345,"comment_status":"open","ping_status":"open","sticky":false,"template":"","format":"standard","meta":{"_jetpack_memberships_contains_paid_content":false,"footnotes":""},"categories":[201,107],"tags":[6,7,9,10,11,12,13,14,15,16,17,18,19,20,21,24,25,26,27,29,30,31,32,33,34,35,36,37,38,39,40,41,42,43,44,45,46,47,48,49,50,51,52,53,54,55,56,57,58,59,60,61,62,63,64,65,66,67,68,69,70,71,72,73,74,75,82,83,85,86,88,89,90,95,97,99,100,101,102,103,104,105],"class_list":["post-344","post","type-post","status-publish","format-standard","has-post-thumbnail","hentry","category-all-my-work","category-weddings","tag-acapulco","tag-acapulco-bar","tag-are-life-events","tag-asado","tag-athletic-trinity","tag-atlihuetzia","tag-atlixco","tag-baby-photographer","tag-baby-sitting","tag-banevents-banquetes","tag-beautiful","tag-best-wedding-photographer","tag-best-wedding-photographers","tag-best-wedding-photography","tag-boda","tag-bodas-judias","tag-bodas-judias-en-mexico","tag-bodas-judias-mexico-fotografo-mexicano","tag-bodas-puebla","tag-chile","tag-christening","tag-cuban-music","tag-day-after-wedding","tag-destination","tag-destination-wedding-locations","tag-destination-wedding-photographer","tag-destination-wedding-photographer-bahamas","tag-destination-wedding-photographer-barcelo-carmine-palace-deluxe-m","tag-destination-wedding-photographer-barcelo-huatulco-beach-resort","tag-destination-wedding-photographer-beach-palace","tag-destination-wedding-photographer-cancun","tag-destination-wedding-photographer-casamagna-marriott-cancun","tag-destination-wedding-photographer-cozumel","tag-destination-wedding-photographer-fiesta-americana-condesa-cancun","tag-destination-wedding-photographer-grad-park-royal-cancun-caribe","tag-destination-wedding-photographer-gran-carve-real-resort-spa","tag-destination-wedding-photographer-guadalajara","tag-destination-wedding-photographer-guanajuato","tag-destination-wedding-photographer-hard-rock-hotel-cancun","tag-destination-wedding-photographer-hotel-riu-cancun","tag-destination-wedding-photographer-hotel-riu-caribe","tag-destination-wedding-photographer-hotel-riu-palace-las-americas","tag-destination-wedding-photographer-hotel-riu-palace-peninsula","tag-destination-wedding-photographer-hyatt-diva-cancun","tag-destination-wedding-photographer-hyatt-zilara-cancun","tag-destination-wedding-photographer-iberostar-cancun","tag-destination-wedding-photographer-italy","tag-destination-wedding-photographer-ixtapa-zihuatanejo","tag-destination-wedding-photographer-jw-marriott-cancun-resort-and-s","tag-destination-wedding-photographer-la-zebra-hotel","tag-destination-wedding-photographer-live-aqua-cancun-all-inclusive","tag-destination-wedding-photographer-los-cabos","tag-destination-wedding-photographer-manzanillo","tag-destination-wedding-photographer-mazatlan","tag-destination-wedding-photographer-me-cancun","tag-destination-wedding-photographer-mexico","tag-destination-wedding-photographer-moon-palace-golf-spa-resort","tag-destination-wedding-photographer-morelia","tag-destination-wedding-photographer-nizuc","tag-destination-wedding-photographer-paradisus-cancun","tag-destination-wedding-photographer-puebla","tag-destination-wedding-photographer-puerto-escondido","tag-destination-wedding-photographer-puerto-vallarta","tag-destination-wedding-photographer-queretaro","tag-destination-wedding-photographer-riviera-nayarit","tag-encimadas-stones","tag-huamantla","tag-huamantla-weddings","tag-lgtbq","tag-lookslikefilm","tag-mexican-photographer","tag-mexican-wedding","tag-puebla","tag-starwars","tag-tlaxcala","tag-vsco","tag-wedding-cake","tag-wedding-photographer","tag-weddingdinner","tag-weddingdress","tag-weddingphotography","tag-zacatlan"],"yoast_head":"<!-- This site is optimized with the Yoast SEO plugin v27.0 - https:\/\/yoast.com\/product\/yoast-seo-wordpress\/ -->\n<title>[DIANA&amp;POLO] Boda en Quer\u00e9taro | marcosvald\u00e9s|FOT\u00d3GRAFO\u00ae destination wedding photographer \u2022<\/title>\n<meta name=\"description\" content=\"Diana y Polo son una pareja a la que tengo bastantes a\u00f1os de conocerlos, una gran amistad nos une y una mayor pasi\u00f3n nos hermana, pues Polo es uno de mis\" \/>\n<meta name=\"robots\" content=\"index, follow, max-snippet:-1, max-image-preview:large, max-video-preview:-1\" \/>\n<link rel=\"canonical\" href=\"https:\/\/marcosvaldes.com\/weddings\/dianapolo-boda-en-queretaro\/\" \/>\n<meta property=\"og:locale\" content=\"en_US\" \/>\n<meta property=\"og:type\" content=\"article\" \/>\n<meta property=\"og:title\" content=\"[DIANA&amp;POLO] Boda en Quer\u00e9taro | marcosvald\u00e9s|FOT\u00d3GRAFO\u00ae destination wedding photographer \u2022\" \/>\n<meta property=\"og:description\" content=\"Diana y Polo son una pareja a la que tengo bastantes a\u00f1os de conocerlos, una gran amistad nos une y una mayor pasi\u00f3n nos hermana, pues Polo es uno de mis\" \/>\n<meta property=\"og:url\" content=\"https:\/\/marcosvaldes.com\/weddings\/dianapolo-boda-en-queretaro\/\" \/>\n<meta property=\"og:site_name\" content=\"marcosvald\u00e9s|FOT\u00d3GRAFO\u00ae destination wedding photographer \u2022\" \/>\n<meta property=\"article:publisher\" content=\"https:\/\/www.facebook.com\/marcosvaldesfotografo\/\" \/>\n<meta property=\"article:author\" content=\"https:\/\/www.facebook.com\/fotografomarcosvaldes\" \/>\n<meta property=\"article:published_time\" content=\"2015-10-29T03:48:11+00:00\" \/>\n<meta property=\"article:modified_time\" content=\"2018-01-28T03:13:57+00:00\" \/>\n<meta property=\"og:image\" content=\"https:\/\/i0.wp.com\/marcosvaldes.com\/weddings\/wp-content\/uploads\/2017\/07\/marcos_valdes_weddingphotographer_diana_polo014.jpg?fit=1200%2C800&ssl=1\" \/>\n\t<meta property=\"og:image:width\" content=\"1200\" \/>\n\t<meta property=\"og:image:height\" content=\"800\" \/>\n\t<meta property=\"og:image:type\" content=\"image\/jpeg\" \/>\n<meta name=\"author\" content=\"marcosvaldes\" \/>\n<meta name=\"twitter:card\" content=\"summary_large_image\" \/>\n<meta name=\"twitter:creator\" content=\"@marcosvaldes\" \/>\n<meta name=\"twitter:site\" content=\"@marcosvaldes\" \/>\n<meta name=\"twitter:label1\" content=\"Written by\" \/>\n\t<meta name=\"twitter:data1\" content=\"marcosvaldes\" \/>\n\t<meta name=\"twitter:label2\" content=\"Est. reading time\" \/>\n\t<meta name=\"twitter:data2\" content=\"1 minute\" \/>\n<script type=\"application\/ld+json\" class=\"yoast-schema-graph\">{\"@context\":\"https:\/\/schema.org\",\"@graph\":[{\"@type\":\"Article\",\"@id\":\"https:\/\/marcosvaldes.com\/weddings\/dianapolo-boda-en-queretaro\/#article\",\"isPartOf\":{\"@id\":\"https:\/\/marcosvaldes.com\/weddings\/dianapolo-boda-en-queretaro\/\"},\"author\":{\"name\":\"marcosvaldes\",\"@id\":\"https:\/\/marcosvaldes.com\/weddings\/#\/schema\/person\/57205f3ceda3ea7587bddcafa108e8c1\"},\"headline\":\"[DIANA&#038;POLO] Boda en Quer\u00e9taro\",\"datePublished\":\"2015-10-29T03:48:11+00:00\",\"dateModified\":\"2018-01-28T03:13:57+00:00\",\"mainEntityOfPage\":{\"@id\":\"https:\/\/marcosvaldes.com\/weddings\/dianapolo-boda-en-queretaro\/\"},\"wordCount\":205,\"commentCount\":0,\"publisher\":{\"@id\":\"https:\/\/marcosvaldes.com\/weddings\/#organization\"},\"image\":{\"@id\":\"https:\/\/marcosvaldes.com\/weddings\/dianapolo-boda-en-queretaro\/#primaryimage\"},\"thumbnailUrl\":\"https:\/\/i0.wp.com\/marcosvaldes.com\/weddings\/wp-content\/uploads\/2017\/07\/marcos_valdes_weddingphotographer_diana_polo014.jpg?fit=1200%2C800&ssl=1\",\"keywords\":[\"Acapulco\",\"acapulco bar\",\"are life events\",\"asado\",\"athletic trinity\",\"Atlihuetzia\",\"atlixco\",\"baby photographer\",\"baby sitting\",\"banevents banquetes\",\"beautiful\",\"best wedding photographer\",\"best wedding photographers\",\"best wedding photography\",\"boda\",\"bodas judias\",\"bodas judias en mexico\",\"bodas judias mexico. fotografo mexicano\",\"bodas puebla\",\"chile\",\"christening\",\"cuban music\",\"day after wedding\",\"destination\",\"Destination wedding locations\",\"destination wedding photographer\",\"destination wedding photographer bahamas\",\"destination wedding photographer barcelo carmine palace deluxe m\",\"destination wedding photographer barcelo huatulco beach resort\",\"destination wedding photographer beach palace.\",\"destination wedding photographer cancun\",\"destination wedding photographer casamagna marriott cancun\",\"destination wedding photographer cozumel\",\"destination wedding photographer fiesta americana condesa cancun\",\"destination wedding photographer grad park royal cancun caribe\",\"destination wedding photographer gran carve real resort &amp; spa\",\"destination wedding photographer guadalajara\",\"destination wedding photographer guanajuato\",\"destination wedding photographer hard rock hotel cancun\",\"destination wedding photographer hotel riu cancun\",\"destination wedding photographer hotel riu caribe\",\"destination wedding photographer hotel riu palace las americas\",\"destination wedding photographer hotel riu palace peninsula\",\"destination wedding photographer hyatt diva cancun\",\"destination wedding photographer hyatt zilara cancun\",\"destination wedding photographer iberostar cancun\",\"destination wedding photographer italy\",\"destination wedding photographer ixtapa zihuatanejo\",\"destination wedding photographer jw marriott cancun resort and s\",\"destination wedding photographer la zebra hotel\",\"destination wedding photographer live aqua cancun all inclusive\",\"destination wedding photographer los cabos\",\"destination wedding photographer manzanillo\",\"destination wedding photographer mazatlan\",\"destination wedding photographer me cancun\",\"destination wedding photographer mexico\",\"destination wedding photographer moon palace golf &amp; spa resort\",\"destination wedding photographer morelia\",\"destination wedding photographer nizuc\",\"destination wedding photographer paradisus cancun\",\"destination wedding photographer puebla\",\"destination wedding photographer puerto escondido\",\"destination wedding photographer puerto vallarta\",\"destination wedding photographer queretaro\",\"destination wedding photographer riviera nayarit\",\"Encimadas stones\",\"Huamantla\",\"Huamantla weddings\",\"LGTBQ\",\"lookslikefilm\",\"Mexican photographer\",\"Mexican wedding\",\"Puebla\",\"starwars\",\"Tlaxcala\",\"vsco\",\"wedding cake\",\"wedding photographer\",\"weddingdinner\",\"weddingdress\",\"weddingphotography\",\"Zacatl\u00e1n\"],\"articleSection\":[\"All my work\",\"Weddings\"],\"inLanguage\":\"en-US\",\"potentialAction\":[{\"@type\":\"CommentAction\",\"name\":\"Comment\",\"target\":[\"https:\/\/marcosvaldes.com\/weddings\/dianapolo-boda-en-queretaro\/#respond\"]}]},{\"@type\":\"WebPage\",\"@id\":\"https:\/\/marcosvaldes.com\/weddings\/dianapolo-boda-en-queretaro\/\",\"url\":\"https:\/\/marcosvaldes.com\/weddings\/dianapolo-boda-en-queretaro\/\",\"name\":\"[DIANA&POLO] Boda en Quer\u00e9taro | marcosvald\u00e9s|FOT\u00d3GRAFO\u00ae destination wedding photographer \u2022\",\"isPartOf\":{\"@id\":\"https:\/\/marcosvaldes.com\/weddings\/#website\"},\"primaryImageOfPage\":{\"@id\":\"https:\/\/marcosvaldes.com\/weddings\/dianapolo-boda-en-queretaro\/#primaryimage\"},\"image\":{\"@id\":\"https:\/\/marcosvaldes.com\/weddings\/dianapolo-boda-en-queretaro\/#primaryimage\"},\"thumbnailUrl\":\"https:\/\/i0.wp.com\/marcosvaldes.com\/weddings\/wp-content\/uploads\/2017\/07\/marcos_valdes_weddingphotographer_diana_polo014.jpg?fit=1200%2C800&ssl=1\",\"datePublished\":\"2015-10-29T03:48:11+00:00\",\"dateModified\":\"2018-01-28T03:13:57+00:00\",\"description\":\"Diana y Polo son una pareja a la que tengo bastantes a\u00f1os de conocerlos, una gran amistad nos une y una mayor pasi\u00f3n nos hermana, pues Polo es uno de mis\",\"breadcrumb\":{\"@id\":\"https:\/\/marcosvaldes.com\/weddings\/dianapolo-boda-en-queretaro\/#breadcrumb\"},\"inLanguage\":\"en-US\",\"potentialAction\":[{\"@type\":\"ReadAction\",\"target\":[\"https:\/\/marcosvaldes.com\/weddings\/dianapolo-boda-en-queretaro\/\"]}]},{\"@type\":\"ImageObject\",\"inLanguage\":\"en-US\",\"@id\":\"https:\/\/marcosvaldes.com\/weddings\/dianapolo-boda-en-queretaro\/#primaryimage\",\"url\":\"https:\/\/i0.wp.com\/marcosvaldes.com\/weddings\/wp-content\/uploads\/2017\/07\/marcos_valdes_weddingphotographer_diana_polo014.jpg?fit=1200%2C800&ssl=1\",\"contentUrl\":\"https:\/\/i0.wp.com\/marcosvaldes.com\/weddings\/wp-content\/uploads\/2017\/07\/marcos_valdes_weddingphotographer_diana_polo014.jpg?fit=1200%2C800&ssl=1\",\"width\":1200,\"height\":800},{\"@type\":\"BreadcrumbList\",\"@id\":\"https:\/\/marcosvaldes.com\/weddings\/dianapolo-boda-en-queretaro\/#breadcrumb\",\"itemListElement\":[{\"@type\":\"ListItem\",\"position\":1,\"name\":\"Home\",\"item\":\"https:\/\/marcosvaldes.com\/weddings\/\"},{\"@type\":\"ListItem\",\"position\":2,\"name\":\"[DIANA&#038;POLO] Boda en Quer\u00e9taro\"}]},{\"@type\":\"WebSite\",\"@id\":\"https:\/\/marcosvaldes.com\/weddings\/#website\",\"url\":\"https:\/\/marcosvaldes.com\/weddings\/\",\"name\":\"marcosvaldesFOT0GRAFO\",\"description\":\"Destination Wedding Photographer, San Miguel de Allende\",\"publisher\":{\"@id\":\"https:\/\/marcosvaldes.com\/weddings\/#organization\"},\"potentialAction\":[{\"@type\":\"SearchAction\",\"target\":{\"@type\":\"EntryPoint\",\"urlTemplate\":\"https:\/\/marcosvaldes.com\/weddings\/?s={search_term_string}\"},\"query-input\":{\"@type\":\"PropertyValueSpecification\",\"valueRequired\":true,\"valueName\":\"search_term_string\"}}],\"inLanguage\":\"en-US\"},{\"@type\":[\"Organization\",\"Place\"],\"@id\":\"https:\/\/marcosvaldes.com\/weddings\/#organization\",\"name\":\"marcosvald\u00e9s|FOT\u00d3GRAFO\u00ae\",\"url\":\"https:\/\/marcosvaldes.com\/weddings\/\",\"logo\":{\"@id\":\"https:\/\/marcosvaldes.com\/weddings\/dianapolo-boda-en-queretaro\/#local-main-organization-logo\"},\"image\":{\"@id\":\"https:\/\/marcosvaldes.com\/weddings\/dianapolo-boda-en-queretaro\/#local-main-organization-logo\"},\"sameAs\":[\"https:\/\/www.facebook.com\/marcosvaldesfotografo\/\",\"https:\/\/x.com\/marcosvaldes\",\"http:\/\/www.instagram.com\/marcosvaldes\",\"https:\/\/myspace.com\/marcosvaldesfotografo\",\"https:\/\/www.pinterest.com.mx\/marcosvaldes\/pins\/\",\"https:\/\/www.youtube.com\/channel\/UC7-Bp0tpnnuM_C3-ZcyZIVg\"],\"openingHoursSpecification\":[{\"@type\":\"OpeningHoursSpecification\",\"dayOfWeek\":[\"Monday\",\"Tuesday\",\"Wednesday\",\"Thursday\",\"Friday\",\"Saturday\",\"Sunday\"],\"opens\":\"09:00\",\"closes\":\"17:00\"}]},{\"@type\":\"Person\",\"@id\":\"https:\/\/marcosvaldes.com\/weddings\/#\/schema\/person\/57205f3ceda3ea7587bddcafa108e8c1\",\"name\":\"marcosvaldes\",\"image\":{\"@type\":\"ImageObject\",\"inLanguage\":\"en-US\",\"@id\":\"https:\/\/marcosvaldes.com\/weddings\/#\/schema\/person\/image\/\",\"url\":\"https:\/\/secure.gravatar.com\/avatar\/9224b1ef7de2ce263e08ccaecb7de3e08e9127d37f32c43696055d24ef787ef9?s=96&d=mm&r=g\",\"contentUrl\":\"https:\/\/secure.gravatar.com\/avatar\/9224b1ef7de2ce263e08ccaecb7de3e08e9127d37f32c43696055d24ef787ef9?s=96&d=mm&r=g\",\"caption\":\"marcosvaldes\"},\"sameAs\":[\"https:\/\/www.marcosvaldes.com\",\"https:\/\/www.facebook.com\/fotografomarcosvaldes\",\"https:\/\/x.com\/@marcosvaldes\"]},{\"@type\":\"ImageObject\",\"inLanguage\":\"en-US\",\"@id\":\"https:\/\/marcosvaldes.com\/weddings\/dianapolo-boda-en-queretaro\/#local-main-organization-logo\",\"url\":\"https:\/\/i0.wp.com\/marcosvaldes.com\/weddings\/wp-content\/uploads\/2022\/01\/marcosvaldesLOGO_ngo_400.png?fit=480%2C152&ssl=1\",\"contentUrl\":\"https:\/\/i0.wp.com\/marcosvaldes.com\/weddings\/wp-content\/uploads\/2022\/01\/marcosvaldesLOGO_ngo_400.png?fit=480%2C152&ssl=1\",\"width\":480,\"height\":152,\"caption\":\"marcosvald\u00e9s|FOT\u00d3GRAFO\u00ae\"}]}<\/script>\n<!-- \/ Yoast SEO plugin. -->","yoast_head_json":{"title":"[DIANA&POLO] Boda en Quer\u00e9taro | marcosvald\u00e9s|FOT\u00d3GRAFO\u00ae destination wedding photographer \u2022","description":"Diana y Polo son una pareja a la que tengo bastantes a\u00f1os de conocerlos, una gran amistad nos une y una mayor pasi\u00f3n nos hermana, pues Polo es uno de mis","robots":{"index":"index","follow":"follow","max-snippet":"max-snippet:-1","max-image-preview":"max-image-preview:large","max-video-preview":"max-video-preview:-1"},"canonical":"https:\/\/marcosvaldes.com\/weddings\/dianapolo-boda-en-queretaro\/","og_locale":"en_US","og_type":"article","og_title":"[DIANA&POLO] Boda en Quer\u00e9taro | marcosvald\u00e9s|FOT\u00d3GRAFO\u00ae destination wedding photographer \u2022","og_description":"Diana y Polo son una pareja a la que tengo bastantes a\u00f1os de conocerlos, una gran amistad nos une y una mayor pasi\u00f3n nos hermana, pues Polo es uno de mis","og_url":"https:\/\/marcosvaldes.com\/weddings\/dianapolo-boda-en-queretaro\/","og_site_name":"marcosvald\u00e9s|FOT\u00d3GRAFO\u00ae destination wedding photographer \u2022","article_publisher":"https:\/\/www.facebook.com\/marcosvaldesfotografo\/","article_author":"https:\/\/www.facebook.com\/fotografomarcosvaldes","article_published_time":"2015-10-29T03:48:11+00:00","article_modified_time":"2018-01-28T03:13:57+00:00","og_image":[{"width":1200,"height":800,"url":"https:\/\/i0.wp.com\/marcosvaldes.com\/weddings\/wp-content\/uploads\/2017\/07\/marcos_valdes_weddingphotographer_diana_polo014.jpg?fit=1200%2C800&ssl=1","type":"image\/jpeg"}],"author":"marcosvaldes","twitter_card":"summary_large_image","twitter_creator":"@marcosvaldes","twitter_site":"@marcosvaldes","twitter_misc":{"Written by":"marcosvaldes","Est. reading time":"1 minute"},"schema":{"@context":"https:\/\/schema.org","@graph":[{"@type":"Article","@id":"https:\/\/marcosvaldes.com\/weddings\/dianapolo-boda-en-queretaro\/#article","isPartOf":{"@id":"https:\/\/marcosvaldes.com\/weddings\/dianapolo-boda-en-queretaro\/"},"author":{"name":"marcosvaldes","@id":"https:\/\/marcosvaldes.com\/weddings\/#\/schema\/person\/57205f3ceda3ea7587bddcafa108e8c1"},"headline":"[DIANA&#038;POLO] Boda en Quer\u00e9taro","datePublished":"2015-10-29T03:48:11+00:00","dateModified":"2018-01-28T03:13:57+00:00","mainEntityOfPage":{"@id":"https:\/\/marcosvaldes.com\/weddings\/dianapolo-boda-en-queretaro\/"},"wordCount":205,"commentCount":0,"publisher":{"@id":"https:\/\/marcosvaldes.com\/weddings\/#organization"},"image":{"@id":"https:\/\/marcosvaldes.com\/weddings\/dianapolo-boda-en-queretaro\/#primaryimage"},"thumbnailUrl":"https:\/\/i0.wp.com\/marcosvaldes.com\/weddings\/wp-content\/uploads\/2017\/07\/marcos_valdes_weddingphotographer_diana_polo014.jpg?fit=1200%2C800&ssl=1","keywords":["Acapulco","acapulco bar","are life events","asado","athletic trinity","Atlihuetzia","atlixco","baby photographer","baby sitting","banevents banquetes","beautiful","best wedding photographer","best wedding photographers","best wedding photography","boda","bodas judias","bodas judias en mexico","bodas judias mexico. fotografo mexicano","bodas puebla","chile","christening","cuban music","day after wedding","destination","Destination wedding locations","destination wedding photographer","destination wedding photographer bahamas","destination wedding photographer barcelo carmine palace deluxe m","destination wedding photographer barcelo huatulco beach resort","destination wedding photographer beach palace.","destination wedding photographer cancun","destination wedding photographer casamagna marriott cancun","destination wedding photographer cozumel","destination wedding photographer fiesta americana condesa cancun","destination wedding photographer grad park royal cancun caribe","destination wedding photographer gran carve real resort &amp; spa","destination wedding photographer guadalajara","destination wedding photographer guanajuato","destination wedding photographer hard rock hotel cancun","destination wedding photographer hotel riu cancun","destination wedding photographer hotel riu caribe","destination wedding photographer hotel riu palace las americas","destination wedding photographer hotel riu palace peninsula","destination wedding photographer hyatt diva cancun","destination wedding photographer hyatt zilara cancun","destination wedding photographer iberostar cancun","destination wedding photographer italy","destination wedding photographer ixtapa zihuatanejo","destination wedding photographer jw marriott cancun resort and s","destination wedding photographer la zebra hotel","destination wedding photographer live aqua cancun all inclusive","destination wedding photographer los cabos","destination wedding photographer manzanillo","destination wedding photographer mazatlan","destination wedding photographer me cancun","destination wedding photographer mexico","destination wedding photographer moon palace golf &amp; spa resort","destination wedding photographer morelia","destination wedding photographer nizuc","destination wedding photographer paradisus cancun","destination wedding photographer puebla","destination wedding photographer puerto escondido","destination wedding photographer puerto vallarta","destination wedding photographer queretaro","destination wedding photographer riviera nayarit","Encimadas stones","Huamantla","Huamantla weddings","LGTBQ","lookslikefilm","Mexican photographer","Mexican wedding","Puebla","starwars","Tlaxcala","vsco","wedding cake","wedding photographer","weddingdinner","weddingdress","weddingphotography","Zacatl\u00e1n"],"articleSection":["All my work","Weddings"],"inLanguage":"en-US","potentialAction":[{"@type":"CommentAction","name":"Comment","target":["https:\/\/marcosvaldes.com\/weddings\/dianapolo-boda-en-queretaro\/#respond"]}]},{"@type":"WebPage","@id":"https:\/\/marcosvaldes.com\/weddings\/dianapolo-boda-en-queretaro\/","url":"https:\/\/marcosvaldes.com\/weddings\/dianapolo-boda-en-queretaro\/","name":"[DIANA&POLO] Boda en Quer\u00e9taro | marcosvald\u00e9s|FOT\u00d3GRAFO\u00ae destination wedding photographer \u2022","isPartOf":{"@id":"https:\/\/marcosvaldes.com\/weddings\/#website"},"primaryImageOfPage":{"@id":"https:\/\/marcosvaldes.com\/weddings\/dianapolo-boda-en-queretaro\/#primaryimage"},"image":{"@id":"https:\/\/marcosvaldes.com\/weddings\/dianapolo-boda-en-queretaro\/#primaryimage"},"thumbnailUrl":"https:\/\/i0.wp.com\/marcosvaldes.com\/weddings\/wp-content\/uploads\/2017\/07\/marcos_valdes_weddingphotographer_diana_polo014.jpg?fit=1200%2C800&ssl=1","datePublished":"2015-10-29T03:48:11+00:00","dateModified":"2018-01-28T03:13:57+00:00","description":"Diana y Polo son una pareja a la que tengo bastantes a\u00f1os de conocerlos, una gran amistad nos une y una mayor pasi\u00f3n nos hermana, pues Polo es uno de mis","breadcrumb":{"@id":"https:\/\/marcosvaldes.com\/weddings\/dianapolo-boda-en-queretaro\/#breadcrumb"},"inLanguage":"en-US","potentialAction":[{"@type":"ReadAction","target":["https:\/\/marcosvaldes.com\/weddings\/dianapolo-boda-en-queretaro\/"]}]},{"@type":"ImageObject","inLanguage":"en-US","@id":"https:\/\/marcosvaldes.com\/weddings\/dianapolo-boda-en-queretaro\/#primaryimage","url":"https:\/\/i0.wp.com\/marcosvaldes.com\/weddings\/wp-content\/uploads\/2017\/07\/marcos_valdes_weddingphotographer_diana_polo014.jpg?fit=1200%2C800&ssl=1","contentUrl":"https:\/\/i0.wp.com\/marcosvaldes.com\/weddings\/wp-content\/uploads\/2017\/07\/marcos_valdes_weddingphotographer_diana_polo014.jpg?fit=1200%2C800&ssl=1","width":1200,"height":800},{"@type":"BreadcrumbList","@id":"https:\/\/marcosvaldes.com\/weddings\/dianapolo-boda-en-queretaro\/#breadcrumb","itemListElement":[{"@type":"ListItem","position":1,"name":"Home","item":"https:\/\/marcosvaldes.com\/weddings\/"},{"@type":"ListItem","position":2,"name":"[DIANA&#038;POLO] Boda en Quer\u00e9taro"}]},{"@type":"WebSite","@id":"https:\/\/marcosvaldes.com\/weddings\/#website","url":"https:\/\/marcosvaldes.com\/weddings\/","name":"marcosvaldesFOT0GRAFO","description":"Destination Wedding Photographer, San Miguel de Allende","publisher":{"@id":"https:\/\/marcosvaldes.com\/weddings\/#organization"},"potentialAction":[{"@type":"SearchAction","target":{"@type":"EntryPoint","urlTemplate":"https:\/\/marcosvaldes.com\/weddings\/?s={search_term_string}"},"query-input":{"@type":"PropertyValueSpecification","valueRequired":true,"valueName":"search_term_string"}}],"inLanguage":"en-US"},{"@type":["Organization","Place"],"@id":"https:\/\/marcosvaldes.com\/weddings\/#organization","name":"marcosvald\u00e9s|FOT\u00d3GRAFO\u00ae","url":"https:\/\/marcosvaldes.com\/weddings\/","logo":{"@id":"https:\/\/marcosvaldes.com\/weddings\/dianapolo-boda-en-queretaro\/#local-main-organization-logo"},"image":{"@id":"https:\/\/marcosvaldes.com\/weddings\/dianapolo-boda-en-queretaro\/#local-main-organization-logo"},"sameAs":["https:\/\/www.facebook.com\/marcosvaldesfotografo\/","https:\/\/x.com\/marcosvaldes","http:\/\/www.instagram.com\/marcosvaldes","https:\/\/myspace.com\/marcosvaldesfotografo","https:\/\/www.pinterest.com.mx\/marcosvaldes\/pins\/","https:\/\/www.youtube.com\/channel\/UC7-Bp0tpnnuM_C3-ZcyZIVg"],"openingHoursSpecification":[{"@type":"OpeningHoursSpecification","dayOfWeek":["Monday","Tuesday","Wednesday","Thursday","Friday","Saturday","Sunday"],"opens":"09:00","closes":"17:00"}]},{"@type":"Person","@id":"https:\/\/marcosvaldes.com\/weddings\/#\/schema\/person\/57205f3ceda3ea7587bddcafa108e8c1","name":"marcosvaldes","image":{"@type":"ImageObject","inLanguage":"en-US","@id":"https:\/\/marcosvaldes.com\/weddings\/#\/schema\/person\/image\/","url":"https:\/\/secure.gravatar.com\/avatar\/9224b1ef7de2ce263e08ccaecb7de3e08e9127d37f32c43696055d24ef787ef9?s=96&d=mm&r=g","contentUrl":"https:\/\/secure.gravatar.com\/avatar\/9224b1ef7de2ce263e08ccaecb7de3e08e9127d37f32c43696055d24ef787ef9?s=96&d=mm&r=g","caption":"marcosvaldes"},"sameAs":["https:\/\/www.marcosvaldes.com","https:\/\/www.facebook.com\/fotografomarcosvaldes","https:\/\/x.com\/@marcosvaldes"]},{"@type":"ImageObject","inLanguage":"en-US","@id":"https:\/\/marcosvaldes.com\/weddings\/dianapolo-boda-en-queretaro\/#local-main-organization-logo","url":"https:\/\/i0.wp.com\/marcosvaldes.com\/weddings\/wp-content\/uploads\/2022\/01\/marcosvaldesLOGO_ngo_400.png?fit=480%2C152&ssl=1","contentUrl":"https:\/\/i0.wp.com\/marcosvaldes.com\/weddings\/wp-content\/uploads\/2022\/01\/marcosvaldesLOGO_ngo_400.png?fit=480%2C152&ssl=1","width":480,"height":152,"caption":"marcosvald\u00e9s|FOT\u00d3GRAFO\u00ae"}]}},"jetpack_featured_media_url":"https:\/\/i0.wp.com\/marcosvaldes.com\/weddings\/wp-content\/uploads\/2017\/07\/marcos_valdes_weddingphotographer_diana_polo014.jpg?fit=1200%2C800&ssl=1","jetpack_sharing_enabled":true,"jetpack_shortlink":"https:\/\/wp.me\/p6V9XA-5y","jetpack_likes_enabled":true,"_links":{"self":[{"href":"https:\/\/marcosvaldes.com\/weddings\/wp-json\/wp\/v2\/posts\/344","targetHints":{"allow":["GET"]}}],"collection":[{"href":"https:\/\/marcosvaldes.com\/weddings\/wp-json\/wp\/v2\/posts"}],"about":[{"href":"https:\/\/marcosvaldes.com\/weddings\/wp-json\/wp\/v2\/types\/post"}],"author":[{"embeddable":true,"href":"https:\/\/marcosvaldes.com\/weddings\/wp-json\/wp\/v2\/users\/1"}],"replies":[{"embeddable":true,"href":"https:\/\/marcosvaldes.com\/weddings\/wp-json\/wp\/v2\/comments?post=344"}],"version-history":[{"count":3,"href":"https:\/\/marcosvaldes.com\/weddings\/wp-json\/wp\/v2\/posts\/344\/revisions"}],"predecessor-version":[{"id":2482,"href":"https:\/\/marcosvaldes.com\/weddings\/wp-json\/wp\/v2\/posts\/344\/revisions\/2482"}],"wp:featuredmedia":[{"embeddable":true,"href":"https:\/\/marcosvaldes.com\/weddings\/wp-json\/wp\/v2\/media\/345"}],"wp:attachment":[{"href":"https:\/\/marcosvaldes.com\/weddings\/wp-json\/wp\/v2\/media?parent=344"}],"wp:term":[{"taxonomy":"category","embeddable":true,"href":"https:\/\/marcosvaldes.com\/weddings\/wp-json\/wp\/v2\/categories?post=344"},{"taxonomy":"post_tag","embeddable":true,"href":"https:\/\/marcosvaldes.com\/weddings\/wp-json\/wp\/v2\/tags?post=344"}],"curies":[{"name":"wp","href":"https:\/\/api.w.org\/{rel}","templated":true}]}}